[{"@context":"https:\/\/schema.org\/","@type":"Article","@id":"https:\/\/www.xpuls.cz\/skoky-na-lyzich\/#Article","mainEntityOfPage":"https:\/\/www.xpuls.cz\/skoky-na-lyzich\/","headline":"Skoky na ly\u017e\u00edch","name":"Skoky na ly\u017e\u00edch","description":"Pokud by se cht\u011bl \u010dlov\u011bk tomuto sportu v\u011bnovat vrcholov\u011b, naraz\u00ed na.","datePublished":"2020-10-13","dateModified":"2023-05-01","author":{"@type":"Person","@id":"https:\/\/www.xpuls.cz\/author\/devene\/#Person","name":"devene","url":"https:\/\/www.xpuls.cz\/author\/devene\/","identifier":1,"image":{"@type":"ImageObject","@id":"https:\/\/secure.gravatar.com\/avatar\/739bdad9092f7204ebf16dfadfb581e3e92e1ade2f5cc299a7779b7760a7d2fc?s=96&d=mm&r=g","url":"https:\/\/secure.gravatar.com\/avatar\/739bdad9092f7204ebf16dfadfb581e3e92e1ade2f5cc299a7779b7760a7d2fc?s=96&d=mm&r=g","height":96,"width":96}},"publisher":{"@type":"Organization","name":"xpuls.cz","logo":{"@type":"ImageObject","@id":"\/logo.png","url":"\/logo.png","width":600,"height":60}},"url":"https:\/\/www.xpuls.cz\/skoky-na-lyzich\/","about":["Sport"],"wordCount":399,"articleBody":"Pokud by se cht\u011bl \u010dlov\u011bk tomuto sportu v\u011bnovat vrcholov\u011b, naraz\u00ed na celkem p\u0159\u00edsn\u00e1 pravidla.&#13; a) Ka\u017ed\u00fd z\u00e1vodn\u00edk dostane u\u017e p\u0159ed startem body.&#13; b) Jestli\u017ee bude sk\u00e1kat z m\u016fstku, kter\u00fd je dlouh\u00fd \u0161edes\u00e1t metr\u016f, ponese si na start \u0161edes\u00e1t bod\u016f.&#13; c) Jestli\u017ee si troufne na ob\u0159\u00ed m\u016fstek, kter\u00fd m\u011b\u0159\u00ed metr\u016f sto dvacet, bere si s sebou bod\u016f sto dvacet.A nyn\u00ed se mu body p\u0159i\u010d\u00edtaj\u00ed a ode\u010d\u00edtaj\u00ed. &#13; o Body nav\u00edc&#13; &#8211; za ka\u017ed\u00fd metr, o kter\u00fd p\u0159ekon\u00e1 danou d\u00e9lku, z\u00edsk\u00e1v\u00e1 bod. &#13; &#8211; jestli\u017ee m\u011bl p\u0159i sv\u00e9m v\u00fdkonu za soupe\u0159e i protiv\u00edtr, m\u016f\u017ee obdr\u017eet &#13; dal\u0161\u00ed bod jako kompenzaci.&#13; o Ubran\u00e9 body&#13; &#8211; pokud mu p\u0159\u00edroda prok\u00e1zala medv\u011bd\u00ed slu\u017ebu a poslala mu v\u00edtr &#13; do zad, body ztr\u00e1c\u00ed &#13; &#8211; jestli\u017ee m\u00e1 tu sm\u016flu a spadl, ztr\u00e1c\u00ed jich rovnou sedm.Nakonec se vyj\u00e1d\u0159\u00ed rozhod\u010d\u00ed, kte\u0159\u00ed ohodnot\u00ed vizu\u00e1ln\u00ed dojem z jeho v\u00fdkonu. Vypad\u00e1 to, tak trochu, jako p\u0159i sout\u011b\u017ei ve spole\u010densk\u00fdch tanc\u00edch. Je tu jen mal\u00fd rozd\u00edl. Zn\u00e1mky jsou rozd\u011bleny do t\u0159\u00ed kategori\u00ed. Devaten\u00e1ct bod\u016f, osmn\u00e1ct a p\u016fl a osmn\u00e1ct. Nakonec se mu \u0161krtne nejmen\u0161\u00ed a nejvy\u0161\u0161\u00ed bodov\u00e9 hodnocen\u00ed.&#13; &#13; Zimn\u00ed sporty p\u0159ich\u00e1zej\u00ed ze severu&#13; Skoky na ly\u017e\u00edch k n\u00e1m p\u0159i\u0161ly z Norska, kde se konala prvn\u00ed sout\u011b\u017e, u\u017e v roce 1862.Na zimn\u00ed olympi\u00e1du se dostaly a\u017e o mnoho let pozd\u011bji, roku 1924.Ka\u017ed\u00fd sport se vyv\u00edj\u00ed. Pochopiteln\u011b i skoky na ly\u017e\u00edch. Postupn\u011b vznikly n\u011bkter\u00e9 odno\u017ee. &#13; \u00b7 Seversk\u00e1 kombinace\u2013 spojen\u00ed skok\u016f a b\u011bhu na ly\u017e\u00edch. I tato sout\u011b\u017e se poprv\u00e9 odehr\u00e1la v Norsku. Sou\u010d\u00e1st\u00ed olympi\u00e1dy je od roku 1924. Postupn\u011b byla vylep\u0161ena na&#13; &#8211; z\u00e1vod jednotlivc\u016f&#13; &#8211; z\u00e1vod dru\u017estev.&#13; \u00b7 Na p\u0159elomu roku se pravideln\u011b po\u0159\u00e1d\u00e1 turnaj t\u0159\u00ed m\u016fstk\u016f. Dva z\u00e1vody jsou kon\u00e1ny v N\u011bmecku, dva v Rakousku. V\u00edt\u011bzem se st\u00e1v\u00e1 ten z\u00e1vodn\u00edk, kter\u00fd m\u00e1 nejvy\u0161\u0161\u00ed bodov\u00fd sou\u010det ze v\u0161ech \u010dty\u0159 kl\u00e1n\u00ed. I \u010ce\u0161i se mohou pochlubit skv\u011blou reprezentac\u00ed.Na p\u0159elomu let 1970\u20131971, se dostal na m\u00edsto nejvy\u0161\u0161\u00ed Ji\u0159\u00ed Ra\u0161ka. Na p\u0159elomu let 2005\u20132006, ho n\u00e1sledoval Jakub Janda.                                                                                                                                                                                                                                                                                                                                                                                                "},{"@context":"https:\/\/schema.org\/","@type":"BreadcrumbList","itemListElement":[{"@type":"ListItem","position":1,"name":"Skoky na ly\u017e\u00edch","item":"https:\/\/www.xpuls.cz\/skoky-na-lyzich\/#breadcrumbitem"}]}]