[{"@context":"https:\/\/schema.org\/","@type":"Article","@id":"https:\/\/www.xpuls.cz\/proc-je-globalni-oteplovani-nepresny-termin\/#Article","mainEntityOfPage":"https:\/\/www.xpuls.cz\/proc-je-globalni-oteplovani-nepresny-termin\/","headline":"Pro\u010d je &#8222;glob\u00e1ln\u00ed oteplov\u00e1n\u00ed&#8220; nep\u0159esn\u00fd term\u00edn","name":"Pro\u010d je &#8222;glob\u00e1ln\u00ed oteplov\u00e1n\u00ed&#8220; nep\u0159esn\u00fd term\u00edn","description":"Ji\u017e mnoho let mluv\u00ed v\u011bdci o tom, \u017ee emise oxidu uhli\u010dit\u00e9ho.","datePublished":"2022-03-22","dateModified":"2023-05-01","author":{"@type":"Person","@id":"https:\/\/www.xpuls.cz\/author\/devene\/#Person","name":"devene","url":"https:\/\/www.xpuls.cz\/author\/devene\/","identifier":1,"image":{"@type":"ImageObject","@id":"https:\/\/secure.gravatar.com\/avatar\/739bdad9092f7204ebf16dfadfb581e3e92e1ade2f5cc299a7779b7760a7d2fc?s=96&d=mm&r=g","url":"https:\/\/secure.gravatar.com\/avatar\/739bdad9092f7204ebf16dfadfb581e3e92e1ade2f5cc299a7779b7760a7d2fc?s=96&d=mm&r=g","height":96,"width":96}},"publisher":{"@type":"Organization","name":"xpuls.cz","logo":{"@type":"ImageObject","@id":"\/logo.png","url":"\/logo.png","width":600,"height":60}},"image":{"@type":"ImageObject","@id":"https:\/\/www.xpuls.cz\/wp-content\/uploads\/globotep2_1.jpg","url":"https:\/\/www.xpuls.cz\/wp-content\/uploads\/globotep2_1.jpg","height":0,"width":0},"url":"https:\/\/www.xpuls.cz\/proc-je-globalni-oteplovani-nepresny-termin\/","about":["V\u011bda"],"wordCount":493,"articleBody":"Ji\u017e mnoho let mluv\u00ed v\u011bdci o tom, \u017ee emise oxidu uhli\u010dit\u00e9ho a dal\u0161\u00edch sklen\u00edkov\u00fdch plyn\u016f, kter\u00e9 lid\u00e9 vypou\u0161t\u00ed do atmosf\u00e9ry, budou m\u00edt v\u00a0nedalek\u00e9 budoucnosti doslova katastrofick\u00fd efekt. Mluv\u00ed se p\u0159edev\u0161\u00edm o zvy\u0161ov\u00e1n\u00ed pr\u016fm\u011brn\u00e9 teploty a s\u00a0t\u00edm spojen\u00e9m posunu podnebn\u00edch p\u00e1sem a t\u00e1n\u00ed ledovc\u016f, kter\u00e9 povede ke zv\u00fd\u0161en\u00ed hladiny sv\u011btov\u00e9ho oce\u00e1nu a zatopen\u00ed pob\u0159e\u017en\u00edch oblast\u00ed.\u00a0Pro tento proces se v\u017eil term\u00edn glob\u00e1ln\u00ed oteplov\u00e1n\u00ed. Je to pochopiteln\u00e9, nebo\u0165 z\u00e1kladn\u00edm principem cel\u00e9ho procesu je zv\u00fd\u0161en\u00ed pr\u016fm\u011brn\u00e9 teploty na Zemi d\u00edky emis\u00edm sklen\u00edkov\u00fdch plyn\u016f a sklen\u00edkov\u00e9mu efektu.\u00a0Jak se v\u0161ak ukazuje, tento term\u00edn je pon\u011bkud zav\u00e1d\u011bj\u00edc\u00ed, nebo\u0165 nepopisuje p\u0159esn\u011b skute\u010dnost toho, co budeme za\u017e\u00edvat. Jist\u011b, pr\u016fm\u011brn\u00e1 teplota se zvy\u0161uje, av\u0161ak to rozhodn\u011b ani zdaleka nen\u00ed v\u0161e, co pozorujeme, a na n\u011bkter\u00fdch m\u00edstech m\u016f\u017ee b\u00fdt pon\u011bkud paradoxn\u011b n\u00e1sledkem ochlazen\u00ed.\u00a0\u00a0Mnohem p\u0159esn\u011bj\u0161\u00ed je tedy mluvit o glob\u00e1ln\u00edch zm\u011bn\u00e1ch klimatu, nebo\u0165 ty zahrnuj\u00ed podstatn\u011b v\u00edce ne\u017e jen zvy\u0161ov\u00e1n\u00ed teploty, stejn\u011b jako tomu je ve skute\u010dnosti.\u00a0Jedn\u00edm z\u00a0probl\u00e9m\u016f je rozlo\u017een\u00ed sr\u00e1\u017eek. Nap\u0159\u00edklad u n\u00e1s pr\u0161\u00ed v\u00edcem\u00e9n\u011b pom\u011brn\u011b rovnom\u011brn\u011b po cel\u00fd rok, av\u0161ak jak budou zm\u011bny postupovat, situace se zm\u011bn\u00ed. V\u011bt\u0161ina sr\u00e1\u017eek spadne v\u00a0pr\u016fb\u011bhu zimy, zat\u00edmco v\u00a0l\u00e9t\u011b, tedy ve vegeta\u010dn\u00edm obdob\u00ed, jich bude minimum. O tom, jak\u00fd vliv to bude m\u00edt na zem\u011bd\u011blskou produkci, asi nen\u00ed t\u0159eba hovo\u0159it.\u00a0\u00a0Tak\u00e9 se budeme setk\u00e1vat s\u00a0\u010d\u00edm d\u00e1l extr\u00e9mn\u011bj\u0161\u00edmi typy po\u010das\u00ed. T\u00edm mohou b\u00fdt vysok\u00e9 teploty v\u00a0l\u00e9t\u011b, velmi n\u00edzk\u00e9 v\u00a0zim\u011b, \u010di nap\u0159\u00edklad nezvykle prudk\u00e9 bou\u0159e vedouc\u00ed k\u00a0lok\u00e1ln\u00edm z\u00e1plav\u00e1m \u010di dokonce torn\u00e1da. To v\u0161e samoz\u0159ejm\u011b bude p\u016fsobit i \u0161kody na majetku a samoz\u0159ejm\u011b tak\u00e9 zdrav\u00ed lid\u00ed.\u00a0To v\u0161e se samoz\u0159ejm\u011b net\u00fdk\u00e1 jen na\u0161\u00ed zem\u011b. Podobn\u00e1 situace bude na cel\u00e9 planet\u011b. \u010c\u00e1ste\u010dn\u011b to za\u017e\u00edv\u00e1me ji\u017e te\u010f, kdy prakticky ka\u017ed\u00fd n\u00e1sleduj\u00edc\u00ed rok st\u00e1v\u00e1 t\u00edm nejteplej\u0161\u00edm od za\u010d\u00e1tku m\u011b\u0159en\u00ed, o nejr\u016fzn\u011bj\u0161\u00edch \u017eiveln\u00fdch pohrom\u00e1ch ani nemluv\u011b.\u00a0Je v\u0161ak nutn\u00e9, abychom se nejen pokusili dopady t\u011bchto klimatick\u00fdch zm\u011bn zm\u00edrnit, ale tak\u00e9 se na n\u011b p\u0159ipravit. A v\u00a0obou p\u0159\u00edpadech se bohu\u017eel nesetk\u00e1v\u00e1me s\u00a0p\u0159\u00edli\u0161n\u00fdm z\u00e1jmem jak ze strany politik\u016f, tak i b\u011b\u017en\u00fdch ob\u010dan\u016f. A to se n\u00e1m v\u00a0budoucnu m\u016f\u017ee t\u011b\u017ece nevyplatit.                                                                                                                                                                                                                                                                                                                                                                                                "},{"@context":"https:\/\/schema.org\/","@type":"BreadcrumbList","itemListElement":[{"@type":"ListItem","position":1,"name":"Pro\u010d je &#8222;glob\u00e1ln\u00ed oteplov\u00e1n\u00ed&#8220; nep\u0159esn\u00fd term\u00edn","item":"https:\/\/www.xpuls.cz\/proc-je-globalni-oteplovani-nepresny-termin\/#breadcrumbitem"}]}]