[{"@context":"https:\/\/schema.org\/","@type":"Article","@id":"https:\/\/www.xpuls.cz\/pohled-z-jinych-uhlu\/#Article","mainEntityOfPage":"https:\/\/www.xpuls.cz\/pohled-z-jinych-uhlu\/","headline":"Pohled z jin\u00fdch \u00fahl\u016f","name":"Pohled z jin\u00fdch \u00fahl\u016f","description":"N\u011bkte\u0159\u00ed politici ve volb\u00e1ch do poslaneck\u00e9 sn\u011bmovny u\u017e m\u011bli \u0161patn\u00e9 renom\u00e9,.","datePublished":"2020-02-22","dateModified":"2023-05-01","author":{"@type":"Person","@id":"https:\/\/www.xpuls.cz\/author\/devene\/#Person","name":"devene","url":"https:\/\/www.xpuls.cz\/author\/devene\/","identifier":1,"image":{"@type":"ImageObject","@id":"https:\/\/secure.gravatar.com\/avatar\/739bdad9092f7204ebf16dfadfb581e3e92e1ade2f5cc299a7779b7760a7d2fc?s=96&d=mm&r=g","url":"https:\/\/secure.gravatar.com\/avatar\/739bdad9092f7204ebf16dfadfb581e3e92e1ade2f5cc299a7779b7760a7d2fc?s=96&d=mm&r=g","height":96,"width":96}},"publisher":{"@type":"Organization","name":"xpuls.cz","logo":{"@type":"ImageObject","@id":"\/logo.png","url":"\/logo.png","width":600,"height":60}},"image":{"@type":"ImageObject","@id":"https:\/\/www.xpuls.cz\/wp-content\/uploads\/img_a371684_w4412_t1582989896.jpg","url":"https:\/\/www.xpuls.cz\/wp-content\/uploads\/img_a371684_w4412_t1582989896.jpg","height":0,"width":0},"url":"https:\/\/www.xpuls.cz\/pohled-z-jinych-uhlu\/","about":["Politika"],"wordCount":639,"articleBody":"N\u011bkte\u0159\u00ed politici ve volb\u00e1ch do poslaneck\u00e9 sn\u011bmovny u\u017e m\u011bli \u0161patn\u00e9 renom\u00e9, tak jim jejich strany pomohli zajistit dob\u0159e placen\u00e9 m\u00edsto v\u00a0EP. To se d\u011bje u\u017e n\u011bkolik desetilet\u00ed. Takto to vid\u00ed podle pr\u016fzkum\u016f mnoho na\u0161ich oby\u010dejn\u00fdch ob\u010dan\u016f. \tProto\u017ee vyjad\u0159ov\u00e1n\u00ed n\u011bkter\u00fdch politik\u016f a zn\u00e1m\u00fdch ve\u0159ejn\u00fdch osobnost\u00ed k\u00a0na\u0161emu \u010desk\u00e9mu sou\u010dasn\u00e9mu d\u011bn\u00ed je n\u011bkdy a\u017e zar\u00e1\u017eej\u00edc\u00ed. Nap\u0159\u00edklad v\u00a0tom, \u017ee nedok\u00e1\u017eou na\u0161i vlast v\u016f\u010di dikt\u00e1tu EU v\u016fbec br\u00e1nit. Je to samoz\u0159ejm\u011b v\u011bc n\u00e1zor\u016f ka\u017ed\u00e9ho z\u00a0n\u00e1s, m\u00e1me demokracii, tak se m\u016f\u017eeme vyjad\u0159ovat.\t\tSt\u00e1le se n\u011bco d\u011bje a n\u011bkter\u00e9 v\u011bci jsou pro n\u00e1s d\u016fle\u017eit\u00e9. A\u0165 u\u017e se jedn\u00e1 nap\u0159\u00edklad o sou\u010dasn\u00fdch volb\u00e1ch nov\u00fdch \u010dlen\u016f do rady do \u010cT a \u010cR, kter\u00e9 ovlivn\u00ed nejenom dal\u0161\u00ed nasm\u011brov\u00e1n\u00ed a rozpo\u010det t\u011bchto ve\u0159ejnopr\u00e1vn\u00edch m\u00e9di\u00ed, \u010di nesmysln\u00e9 provokace veden\u00ed Prahy proti Rusku. M\u00edsto toho, aby \u0159e\u0161ili z\u00e1va\u017en\u00e9 probl\u00e9my Pra\u017ean\u016f. N\u011bkte\u0159\u00ed b\u00fdval\u00ed a sou\u010dasn\u00ed politici se zaob\u00edraj\u00ed jenom a jenom st\u0159etem z\u00e1jm\u016f jednoho politika, kter\u00fd jim \u201ele\u017e\u00ed v\u00a0\u017ealudku\u201c, o\u010der\u0148uj\u00ed a p\u0159edem odsuzuj\u00ed ty, kte\u0159\u00ed \u201enemaj\u00ed jejich krevn\u00ed skupinu\u201c bez toho, ne\u017e se k\u00a0tomu zodpov\u011bdn\u011b vyj\u00e1d\u0159\u00ed p\u0159\u00edslu\u0161n\u00e9 instituce. Jen proto, \u017ee n\u011bkomu n\u011bkdo vad\u00ed, p\u0159ek\u00e1\u017e\u00ed v\u00a0jejich zviditeln\u011bn\u00ed, tak vyu\u017e\u00edvaj\u00ed svobodu slova. \u0158\u00edkaj\u00ed, \u017ee jsou liber\u00e1lov\u00e9. (Domn\u00edvaj\u00ed, \u017ee jsou v\u00edce pokrokov\u00ed a v\u00edce svobodn\u00ed ne\u017e demokrat\u00e9.)\t\tPolitika je samoz\u0159ejm\u011b \u00fazce spjat\u00e1 s\u00a0ekonomikou. N\u011bkter\u00e9 zn\u00e1m\u00e9 ve\u0159ejn\u00e9 osobnosti se soust\u0159ed\u00ed na stra\u0161en\u00ed lid\u00ed novodobou epidemi\u00ed, m\u00edsto toho, aby se p\u0159i\u010dinili o \u00fa\u010deln\u011b vedenou osv\u011btu hlavn\u011b v\u00a0oblasti hygieny a osobn\u00ed zodpov\u011bdnosti ka\u017ed\u00e9ho jedince, kter\u00e1 by TE\u010e m\u011bla b\u00fdt velmi \u010dasto vys\u00edl\u00e1na jak v\u00a0\u010cT, tak na \u010cR. Ale to se ned\u011bje. Zvl\u00e1\u0161\u0165 v\u00a0sou\u010dasnosti, kdy ka\u017ed\u00fd po\u010d\u00e1tek virov\u00e9ho a bakteri\u00e1ln\u00edho onemocn\u011bn\u00ed sni\u017euje imunitu. Onemocn\u011bn\u00ed, kter\u00e9 maj\u00ed symptomy ch\u0159ipky, jako je k\u00fdch\u00e1n\u00ed, bolesti kloub\u016f, r\u00fdma a teplota (nejenom ch\u0159ipka, ang\u00edna ale i z\u00e1n\u011bt pr\u016fdu\u0161ek). Je to mo\u017en\u00e1 naivn\u00ed, ale je pot\u0159eba v\u0161em lidem neust\u00e1le zd\u016fraz\u0148ovat, aby sv\u00e9 onemocn\u011bn\u00ed u\u017e v\u00a0po\u010d\u00e1tc\u00edch vyle\u017eeli doma a nerozn\u00e1\u0161eli jakoukoliv n\u00e1kazu mezi sv\u00e9 spolupracovn\u00edky. To nen\u00ed o tom, \u017ee by na\u0161i ob\u010dan\u00e9 o tomto nev\u011bd\u011bli, ale podce\u0148uj\u00ed to a v\u00a0sou\u010dasn\u00e9 dob\u011b informovat o tomto t\u00e9matu je nutnost. Ale mnoz\u00ed nemocn\u00ed lid\u00e9 kv\u016fli pen\u011bz\u016fm jsou nezodpov\u011bdn\u00ed, dalo by se \u0159\u00edci a\u017e bezohledn\u00ed, v\u016f\u010di druh\u00fdm zdrav\u00fdm lidem. Nap\u0159\u00edklad cestov\u00e1n\u00ed v\u00a0pra\u017esk\u00e9 tramvaji je dnes hr\u016fza \u2013 plno ka\u0161laj\u00edc\u00edch lid\u00ed a mnoz\u00ed z\u00a0nich si v\u010das nedok\u00e1\u017eou zakr\u00fdt \u00fasta kapesn\u00edkem nebo ruk\u00e1vem, ale zakr\u00fdvaj\u00ed si je jen rukou, pokud to stihnou. A tou se n\u00e1sledn\u011b dot\u00fdkaj\u00ed op\u011bradel a dr\u017eadel.\tNa druhou stranu jsou u n\u00e1s zodpov\u011bdn\u00ed politici, kte\u0159\u00ed si uv\u011bdomuj\u00ed, \u017ee v\u00a0tomto obdob\u00ed, kdy hroz\u00ed epidemie, je pot\u0159eba lidem p\u0159ipomenout, jak se chovat hlavn\u011b v\u00a0oblasti hygieny. Jeden z\u00a0nich je hejtman Pardubick\u00e9ho kraje, kter\u00fd nechal vydat let\u00e1ky v\u00a0r\u00e1mci prevence epidemie. Tyto let\u00e1ky se zam\u011b\u0159uj\u00ed hlavn\u011b na to, jak dodr\u017eovat v\u0161ude spr\u00e1vn\u00e9 hygienick\u00e9 n\u00e1vyky.\t\u00a0                                                                                                                                                                                                                                                                                                                                                                                                "},{"@context":"https:\/\/schema.org\/","@type":"BreadcrumbList","itemListElement":[{"@type":"ListItem","position":1,"name":"Pohled z jin\u00fdch \u00fahl\u016f","item":"https:\/\/www.xpuls.cz\/pohled-z-jinych-uhlu\/#breadcrumbitem"}]}]