[{"@context":"https:\/\/schema.org\/","@type":"Article","@id":"https:\/\/www.xpuls.cz\/nezanedbavejte-svuj-vuz\/#Article","mainEntityOfPage":"https:\/\/www.xpuls.cz\/nezanedbavejte-svuj-vuz\/","headline":"Nezanedb\u00e1vejte sv\u016fj v\u016fz","name":"Nezanedb\u00e1vejte sv\u016fj v\u016fz","description":"Je zcela samoz\u0159ejm\u00e9 a b\u011b\u017en\u00e9, \u017ee si \u010das od \u010dasu koup\u00edme.","datePublished":"2023-05-12","dateModified":"2024-05-15","author":{"@type":"Person","@id":"https:\/\/www.xpuls.cz\/author\/devene\/#Person","name":"devene","url":"https:\/\/www.xpuls.cz\/author\/devene\/","identifier":1,"image":{"@type":"ImageObject","@id":"https:\/\/secure.gravatar.com\/avatar\/739bdad9092f7204ebf16dfadfb581e3e92e1ade2f5cc299a7779b7760a7d2fc?s=96&d=mm&r=g","url":"https:\/\/secure.gravatar.com\/avatar\/739bdad9092f7204ebf16dfadfb581e3e92e1ade2f5cc299a7779b7760a7d2fc?s=96&d=mm&r=g","height":96,"width":96}},"publisher":{"@type":"Organization","name":"xpuls.cz","logo":{"@type":"ImageObject","@id":"\/logo.png","url":"\/logo.png","width":600,"height":60}},"url":"https:\/\/www.xpuls.cz\/nezanedbavejte-svuj-vuz\/","wordCount":256,"articleBody":"Je zcela samoz\u0159ejm\u00e9 a b\u011b\u017en\u00e9, \u017ee si \u010das od \u010dasu koup\u00edme n\u011bco nov\u00e9ho do dom\u00e1cnosti, koup\u00edme si nov\u00e9 oble\u010den\u00ed. A co V\u00e1\u0161 v\u016fz? Nechov\u00e1te se k n\u011bmu po t\u00e9to str\u00e1nce tak trochu mace\u0161sky? V\u017edy\u0165 i ten si zaslou\u017e\u00ed b\u00fdt h\u00fd\u010dk\u00e1n, ope\u010dov\u00e1v\u00e1n, je to m\u00edsto, kde mnohdy tr\u00e1v\u00edme dost \u010dasu a jist\u011b uv\u00edt\u00e1me ka\u017ed\u00e9 zlep\u0161en\u00ed, kter\u00e9 na\u0161e pohodl\u00ed m\u016f\u017ee jen vylep\u0161it. Sly\u0161eli jste ji\u017e o zatmaven\u00ed autoskel Brno? Mo\u017en\u00e1 m\u00e1te vozy s tmav\u00fdmi okny za\u0159azeny vnit\u0159n\u011b do jak\u00e9si \u0161katulky, to, co je pro bohat\u00e9, co je ur\u010dit\u011b hodn\u011b drah\u00e9 a co si po\u0159izovat nebudu. V\u00edte v\u0161ak, kolik takov\u00e1 \u00faprava ve skute\u010dnosti stoj\u00ed? Budete se divit, jak snadno dostupn\u00e1 tato z\u00e1le\u017eitost je.Zeptejte seMo\u017en\u00e1 V\u00e1m je\u0161t\u011b nen\u00ed zcela jasn\u00e9, jak prob\u00edh\u00e1 samotn\u00e1 \u00faprava a co v\u0161e obn\u00e1\u0161\u00ed. I proto jsme zde, p\u0159ij\u010fte se nez\u00e1vazn\u011b pod\u00edvat, \u010di n\u00e1m jen napi\u0161te nebo zavolejte. R\u00e1di V\u00e1m zodpov\u00edme v\u0161echny dotazy. Snad tou nej\u010dast\u011bj\u0161\u00ed ot\u00e1zkou b\u00fdv\u00e1, zda se daj\u00ed okna stahovat. Uji\u0161\u0165ujeme V\u00e1s, \u017ee ano, v tomto ohledu si \u017e\u00e1dn\u00e9 zm\u011bny nev\u0161imnete. Nebojte se nov\u00e9ho, brzy si ji\u017e nebudete um\u011bt p\u0159edstavit, jak jste mohli doposud jezdit s pr\u016fhledn\u00fdmi okny.                                                                                                                                                                                                                                                                                                                                                                                                "},{"@context":"https:\/\/schema.org\/","@type":"BreadcrumbList","itemListElement":[{"@type":"ListItem","position":1,"name":"Nezanedb\u00e1vejte sv\u016fj v\u016fz","item":"https:\/\/www.xpuls.cz\/nezanedbavejte-svuj-vuz\/#breadcrumbitem"}]}]